{"id":2222,"date":"2025-05-06T10:42:41","date_gmt":"2025-05-06T08:42:41","guid":{"rendered":"https:\/\/astrokit.uv.es\/?p=2222"},"modified":"2025-06-13T10:31:58","modified_gmt":"2025-06-13T08:31:58","slug":"cumulo-de-galaxias-de-coma-2","status":"publish","type":"post","link":"https:\/\/astrokit.uv.es\/?p=2222","title":{"rendered":"C\u00famulo de galaxias de Coma &#8211; lectura f\u00e1cil"},"content":{"rendered":"\n<div class=\"wp-block-group eplus-wrapper has-global-padding is-layout-constrained wp-block-group-is-layout-constrained\">\n<h2 class=\" wp-block-heading eplus-wrapper\">Los c\u00famulos de galaxias<\/h2>\n\n\n\n<p class=\" has-heading-font-family has-custom-font eplus-wrapper\" style=\"font-family:heading\">Un c\u00famulo de galaxias es un grupo muy grande de galaxias.<br>Estas galaxias est\u00e1n unidas entre s\u00ed por una fuerza llamada gravedad.<br>Todas las galaxias del c\u00famulo est\u00e1n en la misma zona del espacio.<\/p>\n\n\n\n<p class=\" has-heading-font-family has-custom-font eplus-wrapper\" style=\"font-family:heading\">En el centro de muchos c\u00famulos hay una galaxia muy grande.<br>Esa galaxia tiene tanta fuerza que mantiene al resto girando a su alrededor.<\/p>\n\n\n\n<p class=\" has-heading-font-family has-custom-font eplus-wrapper\" style=\"font-family:heading\">Las galaxias del c\u00famulo est\u00e1n dentro de una nube invisible.<br>Esa nube se llama halo de&nbsp;<strong>materia oscura<\/strong>.<br>La materia oscura no se puede ver, pero es muy importante.<br>El halo tiene casi toda la masa del c\u00famulo.<br>Las galaxias tambi\u00e9n est\u00e1n conectadas por filamentos de materia oscura.<\/p>\n\n\n\n<hr class=\" wp-block-separator has-alpha-channel-opacity eplus-wrapper\"\/>\n<\/div>\n\n\n\n<div class=\"wp-block-group eplus-wrapper has-global-padding is-layout-constrained wp-block-group-is-layout-constrained\">\n<h2 class=\" wp-block-heading eplus-wrapper\">El c\u00famulo de galaxias de Coma<\/h2>\n\n\n\n<p class=\" has-heading-font-family has-custom-font eplus-wrapper\" style=\"font-family:heading\">El c\u00famulo de Coma es especial.<br>Tiene&nbsp;<strong>dos galaxias centrales<\/strong>&nbsp;muy grandes:<br>una se llama NGC 4874 y la otra NGC 4889.<br>Gracias a su gran fuerza de gravedad,<br>m\u00e1s de&nbsp;<strong>1.000 galaxias<\/strong>&nbsp;giran alrededor de ellas.<br>Estas galaxias tienen diferentes formas: el\u00edpticas, espirales y lenticulares.<\/p>\n\n\n\n<hr class=\" wp-block-separator has-alpha-channel-opacity eplus-wrapper\"\/>\n\n\n\n<h2 class=\" wp-block-heading eplus-wrapper\">El modelo 3D<\/h2>\n\n\n\n<p class=\" has-heading-font-family has-custom-font eplus-wrapper\" style=\"font-family:heading\">En este modelo puedes ver las&nbsp;<strong>20 galaxias m\u00e1s brillantes<\/strong>&nbsp;del c\u00famulo.<\/p>\n\n\n\n<p class=\" has-heading-font-family has-custom-font eplus-wrapper\" style=\"font-family:heading\">Desde la Tierra, vemos las galaxias como si estuvieran en un mismo plano.<br>Por eso, en el modelo, las galaxias est\u00e1n colocadas igual que las vemos en el cielo.<br>Para verlas bien, el logotipo del Observatorio Astron\u00f3mico debe estar de frente.<\/p>\n\n\n\n<p class=\" has-heading-font-family has-custom-font eplus-wrapper\" style=\"font-family:heading\">No sabemos exactamente a qu\u00e9 distancia est\u00e1 cada galaxia.<br>Por eso, la posici\u00f3n en profundidad del modelo no es real.<br>Hemos usado un m\u00e9todo aproximado basado en la luz de cada galaxia,<br>aunque no es del todo correcto.<\/p>\n\n\n\n<p class=\" has-heading-font-family has-custom-font eplus-wrapper\" style=\"font-family:heading\">Las galaxias est\u00e1n \u201ccolgadas\u201d de los filamentos de materia oscura.<br>El modelo deja huecos para que puedas tocar las galaxias con los dedos.<\/p>\n\n\n\n<p class=\" has-heading-font-family has-custom-font eplus-wrapper\" style=\"font-family:heading\">Cada galaxia del modelo tiene su forma real:<br>puede ser el\u00edptica, espiral o lenticular.<\/p>\n\n\n\n<p class=\" has-heading-font-family has-custom-font eplus-wrapper\" style=\"font-family:heading\">Este modelo ha sido creado por&nbsp;<strong>Emilio Terol<\/strong>&nbsp;y&nbsp;<strong>Alberto Fern\u00e1ndez-Soto<\/strong>.<br>Ellos han usado datos reales del c\u00famulo de Coma.<\/p>\n\n\n\n<div style=\"height:60px\" aria-hidden=\"true\" class=\" wp-block-spacer eplus-wrapper\"><\/div>\n<\/div>\n\n\n\n<p class=\"is-style-info has-heading-font-family has-custom-font eplus-wrapper\" style=\"font-family:heading\">Este trabajo ha sido realizado con una ayuda de la convocatoria de Proyectos I+D+i \u201cPruebas de Concepto\u201d 2022 (PDC2022), financiada por la Uni\u00f3n Europea a trav\u00e9s de los Fondos NextGenerationEU, Plan de Recuperaci\u00f3n, Transformaci\u00f3n y Resiliencia. Referencia: PDC2022-133930-I00.<\/p>\n\n\n\n<div class=\"wp-block-group eplus-wrapper has-global-padding is-layout-constrained wp-block-group-is-layout-constrained\">\n<div style=\"height:40px\" aria-hidden=\"true\" class=\" wp-block-spacer eplus-wrapper\"><\/div>\n\n\n<div class=\"wp-block-columns eplus-wrapper is-layout-flex wp-container-core-columns-is-layout-28f84493 wp-block-columns-is-layout-flex eplus-styles-uid-f54876\">\n<div class=\"wp-block-column eplus-wrapper is-layout-flow wp-block-column-is-layout-flow\" style=\"flex-basis:25%\"><\/div>\n\n\n\n<div class=\"wp-block-column eplus-wrapper is-layout-flow wp-block-column-is-layout-flow\" style=\"flex-basis:50%\">\n<a class=\"gb-button gb-button-57382cc1 gb-button-text\" href=\"https:\/\/sirio.uv.es:9091\/sharing\/RLZ1Ty9Fy\" target=\"_blank\" rel=\"noopener noreferrer\">Descarga el modelo<\/a>\n<\/div>\n\n\n\n<div class=\"wp-block-column eplus-wrapper is-layout-flow wp-block-column-is-layout-flow\" style=\"flex-basis:25%\"><\/div>\n<\/div>\n\n\n<div style=\"height:67px\" aria-hidden=\"true\" class=\" wp-block-spacer eplus-wrapper\"><\/div>\n\n\n<p class=\"has-text-align-right has-text-color has-link-color has-heading-font-family has-medium-font-size has-custom-font eplus-wrapper wp-elements-31634f5ac128c4d57f41477d70c47a7e eplus-styles-uid-cfa858\" style=\"color:#90f808;font-family:heading\"><a href=\"https:\/\/astrokit.uv.es\/?page_id=407\" data-type=\"page\" data-id=\"407\">M\u00e1s noticias<\/a><\/p><\/div>\n","protected":false},"excerpt":{"rendered":"<p>Los c\u00famulos de galaxias Un c\u00famulo de galaxias es un grupo muy grande de galaxias.Estas galaxias est\u00e1n unidas entre s\u00ed por una fuerza llamada gravedad.Todas las galaxias del c\u00famulo est\u00e1n en la misma zona del espacio. En el centro de muchos c\u00famulos hay una galaxia muy grande.Esa galaxia tiene tanta fuerza que mantiene al resto [&hellip;]<\/p>\n","protected":false},"author":4,"featured_media":2204,"comment_status":"closed","ping_status":"open","sticky":false,"template":"","format":"standard","meta":{"_coblocks_attr":"Helvetica,Arial,Georgia,Lato,Lora,Anton,Helvetica","_coblocks_dimensions":"","_coblocks_responsive_height":"","_coblocks_accordion_ie_support":"","editor_plus_copied_stylings":"{}","_jetpack_memberships_contains_paid_content":false,"footnotes":""},"categories":[75],"tags":[88,87,74],"class_list":["post-2222","post","type-post","status-publish","format-standard","has-post-thumbnail","hentry","category-noticias-lectura-facil","tag-coma","tag-cumulo-de-galaxias","tag-galaxias"],"jetpack_featured_media_url":"https:\/\/astrokit.uv.es\/wp-content\/uploads\/2025\/05\/Coma.jpg","jetpack_sharing_enabled":true,"_links":{"self":[{"href":"https:\/\/astrokit.uv.es\/index.php?rest_route=\/wp\/v2\/posts\/2222","targetHints":{"allow":["GET"]}}],"collection":[{"href":"https:\/\/astrokit.uv.es\/index.php?rest_route=\/wp\/v2\/posts"}],"about":[{"href":"https:\/\/astrokit.uv.es\/index.php?rest_route=\/wp\/v2\/types\/post"}],"author":[{"embeddable":true,"href":"https:\/\/astrokit.uv.es\/index.php?rest_route=\/wp\/v2\/users\/4"}],"replies":[{"embeddable":true,"href":"https:\/\/astrokit.uv.es\/index.php?rest_route=%2Fwp%2Fv2%2Fcomments&post=2222"}],"version-history":[{"count":10,"href":"https:\/\/astrokit.uv.es\/index.php?rest_route=\/wp\/v2\/posts\/2222\/revisions"}],"predecessor-version":[{"id":2841,"href":"https:\/\/astrokit.uv.es\/index.php?rest_route=\/wp\/v2\/posts\/2222\/revisions\/2841"}],"wp:featuredmedia":[{"embeddable":true,"href":"https:\/\/astrokit.uv.es\/index.php?rest_route=\/wp\/v2\/media\/2204"}],"wp:attachment":[{"href":"https:\/\/astrokit.uv.es\/index.php?rest_route=%2Fwp%2Fv2%2Fmedia&parent=2222"}],"wp:term":[{"taxonomy":"category","embeddable":true,"href":"https:\/\/astrokit.uv.es\/index.php?rest_route=%2Fwp%2Fv2%2Fcategories&post=2222"},{"taxonomy":"post_tag","embeddable":true,"href":"https:\/\/astrokit.uv.es\/index.php?rest_route=%2Fwp%2Fv2%2Ftags&post=2222"}],"curies":[{"name":"wp","href":"https:\/\/api.w.org\/{rel}","templated":true}]}}